{"id":6237,"date":"2004-02-13T14:10:00","date_gmt":"2004-02-13T14:10:00","guid":{"rendered":"https:\/\/atlassztuki.pl\/?p=6237"},"modified":"2022-10-16T15:30:54","modified_gmt":"2022-10-16T15:30:54","slug":"jacek-michalak","status":"publish","type":"post","link":"https:\/\/atlassztuki.pl\/en\/jacek-michalak\/","title":{"rendered":"Zbigniew Libera: Pozytywy i Mistrzowie"},"content":{"rendered":"\n<p><\/p>\n\n\n\n<p>Cykl <em>Pozytywy<\/em> by\u0142 ju\u017c cz\u0119\u015bciowo pokazywany. Sk\u0142ada si\u0119 z przer\u00f3bek znanych powszechnie fotografii, funkcjonuj\u0105cych w naszej wyobra\u017ani jako symbole. U\u017cywaj\u0105c tej samej retoryki pozy, Libera zmieni\u0142 konwencj\u0119 zdj\u0119cia, tak by jego wymowa sta\u0142a si\u0119 pozytywna. Na zasadzie kontrastu \u2013 pozytyw-negatyw \u2013 artysta proponuje swoj\u0105 w\u0142asn\u0105, przewrotn\u0105, \u201epozytywn\u0105\u201d wersj\u0119 tych zdj\u0119\u0107. Bezwarunkowy optymizm dokonanej przez artyst\u0119 podmiany dociera do widza dopiero po chwili. Ujawnia on mechaniczno\u015b\u0107 spojrzenia rozpoznaj\u0105cego to, co w rzeczywisto\u015bci wcale nie zosta\u0142o przedstawione.<\/p>\n\n\n\n<p>Cykl <em>Mistrzowie<\/em> przygotowany zosta\u0142 specjalnie na wystaw\u0119 w Atlasie Sztuki. Sk\u0142ada si\u0119 z nigdy nieprzeprowadzonych i nieopublikowanych wywiad\u00f3w z Zofi\u0105 Kulik, Janem \u015awidzi\u0144skim, Andrzejem Partumem, Anastazym Wi\u015bniewskim i Leszkiem Piotrowskim. Libera po prostu je napisa\u0142 i zmontowa\u0142, pos\u0142uguj\u0105c si\u0119 szat\u0105 graficzn\u0105 wybranych gazet. <em>Mistrzowie<\/em>, zdaniem Libery, to panteon wybitnych, lecz niedocenianych czy wr\u0119cz zapomnianych artyst\u00f3w, kt\u00f3rzy odegrali najwi\u0119ksz\u0105 rol\u0119 w polskiej sztuce.<\/p>\n\n\n\n<p>W spotkaniu na temat tw\u00f3rczo\u015bci Zbigniewa Libery opr\u00f3cz artysty udzia\u0142 wzi\u0119li: Marzena Bomanowska \u2013 \u201eGazeta Wyborcza\u201d (\u201eGazeta \u0141\u00f3dzka\u201d), Sylwia Borowska \u2013 \u201eGala\u201d, Monika Ma\u0142kowska \u2013 \u201eRzeczpospolita\u201d, Magda Olczyk \u2013 Telewizja Polska Oddzia\u0142 w \u0141odzi, dr Krzysztof Cicho\u0144 \u2013 Katedra Historii Sztuki Uniwersytetu \u0141\u00f3dzkiego oraz UMCS w Lublinie, Krzysztof Jurecki \u2013 Muzeum Sztuki w \u0141odzi, Kazimierz Piotrowski \u2013 Wy\u017csza Warszawska Szko\u0142a Humanistyczna, Jacek Michalak \u2013 Atlas Sztuki. Pod koniec spotkania do grupy dyskutuj\u0105cej na temat tw\u00f3rczo\u015bci Zbigniewa Libery do\u0142\u0105czy\u0142 Marek Janiak z formacji \u0141\u00f3d\u017a Kaliska.<\/p>\n","protected":false},"excerpt":{"rendered":"<p>Jacek Michalak<\/p>\n","protected":false},"author":1,"featured_media":6269,"comment_status":"closed","ping_status":"closed","sticky":false,"template":"","format":"standard","meta":{"footnotes":""},"categories":[65],"tags":[71],"class_list":["post-6237","post","type-post","status-publish","format-standard","has-post-thumbnail","hentry","category-artykuly","tag-libera_pozytywy_i_mistrzowie"],"acf":[],"1_4_image":null,"_links":{"self":[{"href":"https:\/\/atlassztuki.pl\/en\/wp-json\/wp\/v2\/posts\/6237","targetHints":{"allow":["GET"]}}],"collection":[{"href":"https:\/\/atlassztuki.pl\/en\/wp-json\/wp\/v2\/posts"}],"about":[{"href":"https:\/\/atlassztuki.pl\/en\/wp-json\/wp\/v2\/types\/post"}],"author":[{"embeddable":true,"href":"https:\/\/atlassztuki.pl\/en\/wp-json\/wp\/v2\/users\/1"}],"replies":[{"embeddable":true,"href":"https:\/\/atlassztuki.pl\/en\/wp-json\/wp\/v2\/comments?post=6237"}],"version-history":[{"count":4,"href":"https:\/\/atlassztuki.pl\/en\/wp-json\/wp\/v2\/posts\/6237\/revisions"}],"predecessor-version":[{"id":6250,"href":"https:\/\/atlassztuki.pl\/en\/wp-json\/wp\/v2\/posts\/6237\/revisions\/6250"}],"wp:featuredmedia":[{"embeddable":true,"href":"https:\/\/atlassztuki.pl\/en\/wp-json\/wp\/v2\/media\/6269"}],"wp:attachment":[{"href":"https:\/\/atlassztuki.pl\/en\/wp-json\/wp\/v2\/media?parent=6237"}],"wp:term":[{"taxonomy":"category","embeddable":true,"href":"https:\/\/atlassztuki.pl\/en\/wp-json\/wp\/v2\/categories?post=6237"},{"taxonomy":"post_tag","embeddable":true,"href":"https:\/\/atlassztuki.pl\/en\/wp-json\/wp\/v2\/tags?post=6237"}],"curies":[{"name":"wp","href":"https:\/\/api.w.org\/{rel}","templated":true}]}}