{"id":18613,"date":"2024-09-11T13:32:00","date_gmt":"2024-09-11T13:32:00","guid":{"rendered":"https:\/\/atlassztuki.pl\/?p=18613"},"modified":"2024-09-12T10:54:25","modified_gmt":"2024-09-12T10:54:25","slug":"wspolna-pamiec","status":"publish","type":"post","link":"https:\/\/atlassztuki.pl\/en\/wspolna-pamiec\/","title":{"rendered":"Wsp\u00f3lna pami\u0119\u0107?"},"content":{"rendered":"\n<p>Kiedy patrzymy na takie \u201eobrazki\u201d wszystko jest jasne. Wiemy, po czyjej stronie jeste\u015bmy. Kolor krwi nies\u0142ychanie przyspiesza wyrobienie sobie silnego przekonania. Kolor krwi dzia\u0142a te\u017c silnie i specyficznie na pami\u0119\u0107. Nie ma \u017cadnych bada\u0144 pozwalaj\u0105cych wyrobi\u0107 sobie zdanie na temat danego procesu. S\u0105 sterty historycznych, dok\u0142adnych opracowa\u0144 drastycznych sytuacji w realiach wojny.<\/p>\n\n\n\n<p>Czy w takim stanie bada\u0144 kiedykolwiek b\u0119dziemy w stanie wypracowa\u0107 powszechne i zarazem osobiste przekonanie, \u017ce Polska i Ukraina to kraje, kt\u00f3re s\u0105 sobie bardzo potrzebne, a nie Dzikie Pola, po kt\u00f3rych drepcz\u0105 w k\u00f3\u0142ko nieszcz\u0119\u015bcia losu? Z bratni\u0105 pomoc\u0105 putinowskiej Rosji to mo\u017ce si\u0119 uda\u0107, bez wymazywania i rezygnowania z w\u0142asnej pami\u0119ci.<\/p>\n\n\n\n<p>To jeden z trudniejszych i bole\u015bniejszych proces\u00f3w kulturowych, jaki nas w najbli\u017cszych latach czeka. \u00a0<\/p>\n\n\n\n<figure class=\"wp-block-image size-full\"><img loading=\"lazy\" decoding=\"async\" width=\"1017\" height=\"732\" src=\"https:\/\/atlassztuki.pl\/wp-content\/uploads\/2024\/09\/lwow.png\" alt=\"\" class=\"wp-image-18614\" srcset=\"https:\/\/atlassztuki.pl\/wp-content\/uploads\/2024\/09\/lwow.png 1017w, https:\/\/atlassztuki.pl\/wp-content\/uploads\/2024\/09\/lwow-300x216.png 300w, https:\/\/atlassztuki.pl\/wp-content\/uploads\/2024\/09\/lwow-768x553.png 768w\" sizes=\"auto, (max-width: 1017px) 100vw, 1017px\" \/><\/figure>\n\n\n\n<p>Pogrzeb\u00a0we Lwowie po wrze\u015bniowym ataku; krzy\u017c i afisze na \u0142\u00f3dzkim cmentarzu \u201ena Do\u0142ach\u201d, tego samego dnia.<\/p>\n","protected":false},"excerpt":{"rendered":"<p>Kiedy patrzymy na takie \u201eobrazki\u201d wszystko jest jasne. Wiemy, po czyjej stronie jeste\u015bmy. Kolor krwi nies\u0142ychanie przyspiesza wyrobienie sobie silnego przekonania. Kolor krwi dzia\u0142a te\u017c silnie i specyficznie na pami\u0119\u0107. Nie ma \u017cadnych bada\u0144 pozwalaj\u0105cych wyrobi\u0107 sobie zdanie na temat danego procesu. S\u0105 sterty historycznych, dok\u0142adnych opracowa\u0144 drastycznych sytuacji w realiach wojny. Czy w takim [&hellip;]<\/p>\n","protected":false},"author":1,"featured_media":0,"comment_status":"open","ping_status":"open","sticky":false,"template":"","format":"standard","meta":{"footnotes":""},"categories":[14],"tags":[184],"class_list":["post-18613","post","type-post","status-publish","format-standard","hentry","category-idem","tag-idemy_mobilneur"],"acf":[],"1_4_image":"https:\/\/atlassztuki.pl\/wp-content\/uploads\/2024\/09\/orle.jpg","_links":{"self":[{"href":"https:\/\/atlassztuki.pl\/en\/wp-json\/wp\/v2\/posts\/18613","targetHints":{"allow":["GET"]}}],"collection":[{"href":"https:\/\/atlassztuki.pl\/en\/wp-json\/wp\/v2\/posts"}],"about":[{"href":"https:\/\/atlassztuki.pl\/en\/wp-json\/wp\/v2\/types\/post"}],"author":[{"embeddable":true,"href":"https:\/\/atlassztuki.pl\/en\/wp-json\/wp\/v2\/users\/1"}],"replies":[{"embeddable":true,"href":"https:\/\/atlassztuki.pl\/en\/wp-json\/wp\/v2\/comments?post=18613"}],"version-history":[{"count":3,"href":"https:\/\/atlassztuki.pl\/en\/wp-json\/wp\/v2\/posts\/18613\/revisions"}],"predecessor-version":[{"id":18621,"href":"https:\/\/atlassztuki.pl\/en\/wp-json\/wp\/v2\/posts\/18613\/revisions\/18621"}],"wp:attachment":[{"href":"https:\/\/atlassztuki.pl\/en\/wp-json\/wp\/v2\/media?parent=18613"}],"wp:term":[{"taxonomy":"category","embeddable":true,"href":"https:\/\/atlassztuki.pl\/en\/wp-json\/wp\/v2\/categories?post=18613"},{"taxonomy":"post_tag","embeddable":true,"href":"https:\/\/atlassztuki.pl\/en\/wp-json\/wp\/v2\/tags?post=18613"}],"curies":[{"name":"wp","href":"https:\/\/api.w.org\/{rel}","templated":true}]}}