{"id":16053,"date":"2010-06-25T10:23:00","date_gmt":"2010-06-25T10:23:00","guid":{"rendered":"https:\/\/atlassztuki.pl\/?p=16053"},"modified":"2022-10-19T10:28:16","modified_gmt":"2022-10-19T10:28:16","slug":"roman-lipski-2","status":"publish","type":"post","link":"https:\/\/atlassztuki.pl\/en\/roman-lipski-2\/","title":{"rendered":"Roman Lipski"},"content":{"rendered":"\n<p>Romana Lipskiego pozna\u0142em we wrze\u015bniu ubieg\u0142ego roku w Dar\u0142owie, w trakcie sympozjum 300 lat \u0141odzi Kaliskiej. Przed wystaw\u0105 w Atlasie Sztuki spotkali\u015bmy si\u0119 dwukrotnie, pod koniec listopada ubieg\u0142ego roku artysta odwiedzi\u0142 \u0141\u00f3d\u017a, za\u015b na pocz\u0105tku maja tego roku ja odwiedzi\u0142em Romana Lipskiego w Berlinie. W stolicy Niemiec artysta przyj\u0105\u0142 mnie w swoim mieszkaniu-pracowni zlokalizowanej w starym budynku pofabrycznym, przy Feurigstrasse, w dzielnicy Sch\u00f6nberg. Odnios\u0142em wra\u017cenie, \u017ce wszystko w nim jest podporz\u0105dkowane idei przewodniej istnienia tego domu i jego mieszka\u0144ca \u2013 tworzeniu. Pomimo kr\u00f3tkiej znajomo\u015bci mia\u0142em wra\u017cenie, \u017ce znamy si\u0119 od lat, cho\u0107 nasze drogi \u017cyciowe s\u0105 skrajnie inne.\u00a0<\/p>\n\n\n\n<p>O Romanie Lipskim i jego tw\u00f3rczo\u015bci wiemy w Polsce bardzo niewiele. W\u0142a\u015bciwie nale\u017ca\u0142oby napisa\u0107, i\u017c jego tw\u00f3rczo\u015b\u0107 znana jest tylko w\u0105skiej grupie kurator\u00f3w i historyk\u00f3w sztuki. Artysta od ponad dwudziestu lat mieszka w Berlinie. Wyjecha\u0142 tam jako nastolatek w poszukiwaniu przygody i lepszego \u017cycia. Po ci\u0119\u017ckich pocz\u0105tkach i trudnych latach poszukiwa\u0144 jest dzi\u015b cz\u0142owiekiem sukcesu. Jego prace znajduj\u0105 si\u0119 w \u015bwietnych kolekcjach sztuki wsp\u00f3\u0142czesnej, wymieniaj\u0105c tylko kolekcje dra Ericha Marxa, Volkera Schl\u00f6ndorffa, Boston Museum of Fine Arts oraz Colby Museum. O swojej drodze \u017cyciowej w niezwykle otwarty spos\u00f3b opowiedzia\u0142 Anecie Panek i Piotrowi Kosiewskiemu. Rozm\u00f3wcy Lipskiego spotkali si\u0119 z nim osobno w r\u00f3\u017cnym czasie i w r\u00f3\u017cnych miejscach \u2013 Berlinie i Warszawie. W efekcie powsta\u0142y dwie \u015bwietnie uzupe\u0142niaj\u0105ce si\u0119 rozmowy, kt\u00f3re czyta si\u0119 jednym tchem.\u00a0<\/p>\n\n\n\n<p>Autork\u0105 eseju otwieraj\u0105cego katalog jest Magdalena Lewoc \u2013 historyczka sztuki i kuratorka zwi\u0105zana z Muzeum Narodowym w Szczecinie, drugi napisa\u0142a Friederike Nymphius \u2013 niemiecka kuratorka mi\u0119dzynarodowych korporacyjnych kolekcji sztuki wsp\u00f3\u0142czesnej. Autorki doskonale znaj\u0105 tw\u00f3rczo\u015b\u0107 artysty, s\u0105 jej entuzjastkami oraz spogl\u0105daj\u0105 na ni\u0105 z r\u00f3\u017cnej perspektywy. Dzi\u0119ki temu powsta\u0142y wnikliwe i niezwykle interesuj\u0105ce teksty, kt\u00f3rych lektur\u0119 gor\u0105co polecam.<\/p>\n\n\n\n<p>W trakcie przygotowywania wystawy Romana Lipskiego w Atlasie Sztuki zada\u0142em pytanie kolekcjonerom, dlaczego kupuj\u0105 obrazy Lipskiego. Volker Schl\u00f6ndorff powiedzia\u0142, \u017ce: &#8220;Roman Lipski potrafi roz\u015bwietli\u0107 najbardziej ponure krajobrazy. W ostrych konturach oddziela pi\u0119kno od tandety. Niebiosa uwalnia od szk\u00f3d cz\u0142owieka wobec natury. Rozpromienia je&#8221;. Wybitny niemiecki kolekcjoner dr Erich Marx stwierdzi\u0142, i\u017c: &#8220;Obrazy Romana Lipskiego s\u0105 wielk\u0105 otwart\u0105 ksi\u0119g\u0105 jego duszy. W jego pracach panuje cisza, kt\u00f3ra pokonuj\u0105c wszystkie podzia\u0142y \u017cycia, odpoczywa sama w sobie, a wyra\u017ca si\u0119 w pustce, kt\u00f3ra w rzeczywisto\u015bci jest niczym innym jak wskazaniem na nieko\u0144cz\u0105ce si\u0119 okaleczanie naszego \u015bwiata. Te obrazy s\u0105 dalekie od powszedniej powierzchowno\u015bci, krzycz\u0105cej kolorystyki, okropnego ha\u0142asu dzisiejszych czas\u00f3w. To uzasadnia fascynacj\u0119 jego tw\u00f3rczo\u015bci\u0105&#8221;. Wicekanclerz i minister spraw zagranicznych Republiki Federalnej Niemiec Guido Westerwelle powiedzia\u0142 kr\u00f3tko: &#8220;Roman Lipski ma w mojej niewielkiej kolekcji swoje miejsce. Bardzo podziwiam jego sztuk\u0119&#8221;.&nbsp;<\/p>\n\n\n\n<p>Zapraszaj\u0105c do odwiedzenia Atlasa Sztuki i spotkania ze sztuk\u0105 Romana Lipskiego, chcia\u0142bym doda\u0107, \u017ce nasza wystawa prezentuje tw\u00f3rczo\u015b\u0107 artysty z lat 2002-2010. Jest dla mnie oczywiste, \u017ce dla Lipskiego uko\u0144czenie kolejnego obrazu to osi\u0105gni\u0119cie tylko pewnego etapu, od kt\u00f3rego wiedzie droga ku dalszym poszukiwaniom.&nbsp;<br>Z zainteresowaniem b\u0119d\u0119 przygl\u0105da\u0142 si\u0119 tw\u00f3rczo\u015bci Lipskiego w przysz\u0142o\u015bci.<\/p>\n","protected":false},"excerpt":{"rendered":"<p>Jacek Michalak<\/p>\n","protected":false},"author":1,"featured_media":16054,"comment_status":"open","ping_status":"open","sticky":false,"template":"","format":"standard","meta":{"footnotes":""},"categories":[65],"tags":[173],"class_list":["post-16053","post","type-post","status-publish","format-standard","has-post-thumbnail","hentry","category-artykuly","tag-roman_lipski"],"acf":[],"1_4_image":null,"_links":{"self":[{"href":"https:\/\/atlassztuki.pl\/en\/wp-json\/wp\/v2\/posts\/16053","targetHints":{"allow":["GET"]}}],"collection":[{"href":"https:\/\/atlassztuki.pl\/en\/wp-json\/wp\/v2\/posts"}],"about":[{"href":"https:\/\/atlassztuki.pl\/en\/wp-json\/wp\/v2\/types\/post"}],"author":[{"embeddable":true,"href":"https:\/\/atlassztuki.pl\/en\/wp-json\/wp\/v2\/users\/1"}],"replies":[{"embeddable":true,"href":"https:\/\/atlassztuki.pl\/en\/wp-json\/wp\/v2\/comments?post=16053"}],"version-history":[{"count":1,"href":"https:\/\/atlassztuki.pl\/en\/wp-json\/wp\/v2\/posts\/16053\/revisions"}],"predecessor-version":[{"id":16056,"href":"https:\/\/atlassztuki.pl\/en\/wp-json\/wp\/v2\/posts\/16053\/revisions\/16056"}],"wp:featuredmedia":[{"embeddable":true,"href":"https:\/\/atlassztuki.pl\/en\/wp-json\/wp\/v2\/media\/16054"}],"wp:attachment":[{"href":"https:\/\/atlassztuki.pl\/en\/wp-json\/wp\/v2\/media?parent=16053"}],"wp:term":[{"taxonomy":"category","embeddable":true,"href":"https:\/\/atlassztuki.pl\/en\/wp-json\/wp\/v2\/categories?post=16053"},{"taxonomy":"post_tag","embeddable":true,"href":"https:\/\/atlassztuki.pl\/en\/wp-json\/wp\/v2\/tags?post=16053"}],"curies":[{"name":"wp","href":"https:\/\/api.w.org\/{rel}","templated":true}]}}