{"id":14434,"date":"2012-06-29T11:10:00","date_gmt":"2012-06-29T11:10:00","guid":{"rendered":"https:\/\/atlassztuki.pl\/?p=14434"},"modified":"2022-09-13T11:18:09","modified_gmt":"2022-09-13T11:18:09","slug":"stanislaw-koguciuk-i-jan-uscimiak-gospodarz-spi-a-jemu-w-polu-rosnie","status":"publish","type":"post","link":"https:\/\/atlassztuki.pl\/en\/stanislaw-koguciuk-i-jan-uscimiak-gospodarz-spi-a-jemu-w-polu-rosnie\/","title":{"rendered":"Stanis\u0142aw Koguciuk i Jan U\u015bcimiak: Gospodarz \u015bpi a jemu w polu ro\u015bnie"},"content":{"rendered":"\n<p>Stylistyk\u0105 swoich prac, technik\u0105 ich wykonania czy kolorystyk\u0105 pozostaj\u0105 w nurcie sztuki ludowej, jednak tematyka ich prac wykracza poza granice tradycyjnie przypisywane temu rodzajowi tw\u00f3rczo\u015bci. Obaj s\u0105 niezwykle czujnymi i bacznymi obserwatorami otaczaj\u0105cej nas rzeczywisto\u015bci. Ich celne a jednocze\u015bnie dowcipne komentarze dotycz\u0105ce aktualnych wydarze\u0144, polityki czy kondycji spo\u0142ecznej w zestawieniu z ludow\u0105 stylistyk\u0105 stanowi\u0105 niespotykane i unikatowe po\u0142\u0105czenie. Sami tw\u00f3rcy s\u0105 przesympatycznymi, bardzo skromnymi lud\u017ami oddanymi w\u0142asnej tw\u00f3rczo\u015bci.<br><br>W katalogu wystawy publikujemy teksty na temat tw\u00f3rczo\u015bci Stanis\u0142awa Koguciuka i Jana U\u015bcimiaka autorstwa Jagody Barczy\u0144skiej i Agaty Mendrychowskiej. Obie autorki, historyczki sztuki, s\u0105 g\u0142\u0119boko przekonane, \u017ce spotkanie z tw\u00f3rczo\u015bci\u0105 Koguciuka i U\u015bcimiaka b\u0119dzie interesuj\u0105ce dla widza, ja za\u015b polecam lektur\u0119 ich tekst\u00f3w. Polecam tak\u017ce lektur\u0119 rozmowy, jak\u0105 z artystami przeprowadzi\u0142 Jan Janiak, etnolog, doktorant na Wydziale Filozoficzno-Historycznym Uniwersytetu \u0141\u00f3dzkiego.\u00a0<br><br><em>Gospodarz \u015bpi a jemu w polu ro\u015bnie<\/em> to zdanie zaczerpni\u0119te z jednego z obraz\u00f3w Stanis\u0142awa Koguciuka. Z przyjemno\u015bci\u0105 zapraszam do zobaczenia, co uros\u0142o z zami\u0142owania do sztuki Stanis\u0142awa Koguciuka i Jana U\u015bcimiaka.<\/p>\n","protected":false},"excerpt":{"rendered":"<p>Jacek Michalak<\/p>\n","protected":false},"author":1,"featured_media":14435,"comment_status":"closed","ping_status":"closed","sticky":false,"template":"","format":"standard","meta":{"footnotes":""},"categories":[65],"tags":[160],"class_list":["post-14434","post","type-post","status-publish","format-standard","has-post-thumbnail","hentry","category-artykuly","tag-koguciuk_uscimiak"],"acf":[],"1_4_image":null,"_links":{"self":[{"href":"https:\/\/atlassztuki.pl\/en\/wp-json\/wp\/v2\/posts\/14434","targetHints":{"allow":["GET"]}}],"collection":[{"href":"https:\/\/atlassztuki.pl\/en\/wp-json\/wp\/v2\/posts"}],"about":[{"href":"https:\/\/atlassztuki.pl\/en\/wp-json\/wp\/v2\/types\/post"}],"author":[{"embeddable":true,"href":"https:\/\/atlassztuki.pl\/en\/wp-json\/wp\/v2\/users\/1"}],"replies":[{"embeddable":true,"href":"https:\/\/atlassztuki.pl\/en\/wp-json\/wp\/v2\/comments?post=14434"}],"version-history":[{"count":1,"href":"https:\/\/atlassztuki.pl\/en\/wp-json\/wp\/v2\/posts\/14434\/revisions"}],"predecessor-version":[{"id":14437,"href":"https:\/\/atlassztuki.pl\/en\/wp-json\/wp\/v2\/posts\/14434\/revisions\/14437"}],"wp:featuredmedia":[{"embeddable":true,"href":"https:\/\/atlassztuki.pl\/en\/wp-json\/wp\/v2\/media\/14435"}],"wp:attachment":[{"href":"https:\/\/atlassztuki.pl\/en\/wp-json\/wp\/v2\/media?parent=14434"}],"wp:term":[{"taxonomy":"category","embeddable":true,"href":"https:\/\/atlassztuki.pl\/en\/wp-json\/wp\/v2\/categories?post=14434"},{"taxonomy":"post_tag","embeddable":true,"href":"https:\/\/atlassztuki.pl\/en\/wp-json\/wp\/v2\/tags?post=14434"}],"curies":[{"name":"wp","href":"https:\/\/api.w.org\/{rel}","templated":true}]}}